{"id":676,"date":"2012-12-18T11:06:45","date_gmt":"2012-12-18T10:06:45","guid":{"rendered":"http:\/\/46.101.179.38\/?p=676"},"modified":"2012-12-18T11:06:45","modified_gmt":"2012-12-18T10:06:45","slug":"oppstart-proda-oslo-varsemester-2013","status":"publish","type":"post","link":"https:\/\/proda.no\/en\/2012\/12\/18\/oppstart-proda-oslo-varsemester-2013\/","title":{"rendered":"Oppstart PRODA Oslo v\u00e5rsemester 2013"},"content":{"rendered":"<p>Vi starter opp med klasser 2. januar. Timeplanen blir lagt ut p\u00e5 nettsiden\u00a0n\u00e5r h\u00f8stplanen 2012\u00a0er avsluttet. Vi \u00f8nsker alle v\u00e5re brukere og ansatte en riktig <strong>GOD JUL &amp; GODT NYTT\u00c5R !<\/strong><\/p>","protected":false},"excerpt":{"rendered":"<p>Vi starter opp med klasser 2. januar. Timeplanen blir lagt ut p\u00e5 nettsiden\u00a0n\u00e5r h\u00f8stplanen 2012\u00a0er avsluttet. Vi \u00f8nsker alle v\u00e5re brukere og ansatte en riktig GOD JUL &amp; GODT NYTT\u00c5R&#8230;<\/p>","protected":false},"author":14,"featured_media":0,"comment_status":"closed","ping_status":"closed","sticky":false,"template":"","format":"standard","meta":{"_acf_changed":false,"footnotes":""},"categories":[25,1],"tags":[],"class_list":["post-676","post","type-post","status-publish","format-standard","hentry","category-nyheter","category-ukategorisert"],"acf":[],"featured_image_src":null,"author_info":{"display_name":"Lene Hafstad","author_link":"https:\/\/proda.no\/en\/author\/lene\/"},"_links":{"self":[{"href":"https:\/\/proda.no\/en\/wp-json\/wp\/v2\/posts\/676","targetHints":{"allow":["GET"]}}],"collection":[{"href":"https:\/\/proda.no\/en\/wp-json\/wp\/v2\/posts"}],"about":[{"href":"https:\/\/proda.no\/en\/wp-json\/wp\/v2\/types\/post"}],"author":[{"embeddable":true,"href":"https:\/\/proda.no\/en\/wp-json\/wp\/v2\/users\/14"}],"replies":[{"embeddable":true,"href":"https:\/\/proda.no\/en\/wp-json\/wp\/v2\/comments?post=676"}],"version-history":[{"count":0,"href":"https:\/\/proda.no\/en\/wp-json\/wp\/v2\/posts\/676\/revisions"}],"wp:attachment":[{"href":"https:\/\/proda.no\/en\/wp-json\/wp\/v2\/media?parent=676"}],"wp:term":[{"taxonomy":"category","embeddable":true,"href":"https:\/\/proda.no\/en\/wp-json\/wp\/v2\/categories?post=676"},{"taxonomy":"post_tag","embeddable":true,"href":"https:\/\/proda.no\/en\/wp-json\/wp\/v2\/tags?post=676"}],"curies":[{"name":"wp","href":"https:\/\/api.w.org\/{rel}","templated":true}]}}