{"id":646,"date":"2012-11-01T11:43:36","date_gmt":"2012-11-01T10:43:36","guid":{"rendered":"http:\/\/46.101.179.38\/?p=646"},"modified":"2012-11-01T11:43:36","modified_gmt":"2012-11-01T10:43:36","slug":"proda-og-oslo-kommune","status":"publish","type":"post","link":"https:\/\/proda.no\/en\/2012\/11\/01\/proda-og-oslo-kommune\/","title":{"rendered":"PRODA og Oslo kommune"},"content":{"rendered":"<p>PRODA har i oktober deltatt i m\u00f8ter med politiske partier og\u00a0enkeltpolitikere i Oslo\u00a0samt byr\u00e5d Hallstein Bjercke om budsjettforslaget for 2013, der PRODAs drifstst\u00f8tte er foresl\u00e5tt kuttet ut. 1. november deltar PRODA i deputasjon i Kultur og utdanningskomiteen i Oslo Bystyre om saken.<\/p>","protected":false},"excerpt":{"rendered":"<p>PRODA har i oktober deltatt i m\u00f8ter med politiske partier og\u00a0enkeltpolitikere i Oslo\u00a0samt byr\u00e5d Hallstein Bjercke om budsjettforslaget for 2013, der PRODAs drifstst\u00f8tte er foresl\u00e5tt kuttet ut. 1. november deltar&#8230;<\/p>","protected":false},"author":14,"featured_media":0,"comment_status":"closed","ping_status":"closed","sticky":false,"template":"","format":"standard","meta":{"_acf_changed":false,"footnotes":""},"categories":[25,1],"tags":[],"class_list":["post-646","post","type-post","status-publish","format-standard","hentry","category-nyheter","category-ukategorisert"],"acf":[],"featured_image_src":null,"author_info":{"display_name":"Lene Hafstad","author_link":"https:\/\/proda.no\/en\/author\/lene\/"},"_links":{"self":[{"href":"https:\/\/proda.no\/en\/wp-json\/wp\/v2\/posts\/646","targetHints":{"allow":["GET"]}}],"collection":[{"href":"https:\/\/proda.no\/en\/wp-json\/wp\/v2\/posts"}],"about":[{"href":"https:\/\/proda.no\/en\/wp-json\/wp\/v2\/types\/post"}],"author":[{"embeddable":true,"href":"https:\/\/proda.no\/en\/wp-json\/wp\/v2\/users\/14"}],"replies":[{"embeddable":true,"href":"https:\/\/proda.no\/en\/wp-json\/wp\/v2\/comments?post=646"}],"version-history":[{"count":0,"href":"https:\/\/proda.no\/en\/wp-json\/wp\/v2\/posts\/646\/revisions"}],"wp:attachment":[{"href":"https:\/\/proda.no\/en\/wp-json\/wp\/v2\/media?parent=646"}],"wp:term":[{"taxonomy":"category","embeddable":true,"href":"https:\/\/proda.no\/en\/wp-json\/wp\/v2\/categories?post=646"},{"taxonomy":"post_tag","embeddable":true,"href":"https:\/\/proda.no\/en\/wp-json\/wp\/v2\/tags?post=646"}],"curies":[{"name":"wp","href":"https:\/\/api.w.org\/{rel}","templated":true}]}}