{"id":22283,"date":"2026-09-02T13:26:17","date_gmt":"2026-09-02T11:26:17","guid":{"rendered":"https:\/\/proda.no\/?p=22283"},"modified":"2026-09-02T13:41:12","modified_gmt":"2026-09-02T11:41:12","slug":"nasjonale-turneslynger-ensemble-thinking","status":"publish","type":"post","link":"https:\/\/proda.no\/en\/2026\/09\/02\/nasjonale-turneslynger-ensemble-thinking\/","title":{"rendered":"NASJONALE TURNESLYNGER &#8211; ENSEMBLE THINKING"},"content":{"rendered":"<p class=\"wp-block-paragraph\">H\u00f8stens nasjonale turn\u00e9slynger er i gang \ud83d\udd25<\/p>\n\n\n\n<p class=\"wp-block-paragraph\">F\u00f8rst ut er Ensemble thinking med Karen H\u00f8ybakk Mikalsen og Julie Lebel fra Lower left. De har allerede v\u00e6rt en uke i Oslo, og legger n\u00e5 ut p\u00e5 en liten turn\u00e9 nordover \ud83d\ude0d<\/p>\n\n\n\n<p class=\"wp-block-paragraph\">\ud83d\udccd PRODA Oslo; 24. &#8211; 28.august med <a href=\"https:\/\/www.facebook.com\/events\/1539408231136871\/?acontext=%7B%22ref%22%3A%2252%22%2C%22action_history%22%3A%22[%7B%5C%22surface%5C%22%3A%5C%22share_link%5C%22%2C%5C%22mechanism%5C%22%3A%5C%22share_link%5C%22%2C%5C%22extra_data%5C%22%3A%7B%5C%22invite_link_id%5C%22%3A1503986171329219%7D%7D]%22%7D\" target=\"_blank\" rel=\"noopener\">morgenklasser og LAB<\/a><\/p>\n\n\n\n<p class=\"wp-block-paragraph\">\ud83d\udccd <a href=\"https:\/\/www.fnnd.no\/proda\" target=\"_blank\" rel=\"noopener\">PRODA Nord<\/a>; 4.september under <a href=\"https:\/\/www.bodobiennale.no\/bodoe-biennale-2026\/ensemble-thinking-workshop-proda-profesjonell-dansetrening\" target=\"_blank\" rel=\"noopener\">Bod\u00f8 Biennale<\/a><\/p>\n\n\n\n<p class=\"wp-block-paragraph\">\ud83d\udccd<a href=\"https:\/\/www.dansitrondelag.no\/proda-1\"> PRODA Nord-Tr\u00f8ndelag<\/a>; 19.september under <a href=\"https:\/\/www.dansitrondelag.no\/ensemblethinking\" target=\"_blank\" rel=\"noopener\">KOREDA<\/a><\/p>\n\n\n\n<p class=\"wp-block-paragraph\">Turn\u00e9en gj\u00f8res mulig i samarbeid med Bod\u00f8 Biennale, KOREDA festival, Skuespiller- og danseralliansen, SANS og Kunsth\u00f8gskolen i Oslo, samt v\u00e5re regionale avdelinger PRODA Nord, PRODA Nord-Tr\u00f8ndelag og PRODA Oslo.<\/p>\n\n\n\n<p class=\"wp-block-paragraph\">De nasjonale turn\u00e9slyngene skal gi utvalgte dansekunstnere lengre ansettelsesperioder, samtidig som de legger til rette for kompetanseutveksling p\u00e5 tvers av PRODAs regioner. M\u00e5let er \u00e5 skape verdifulle synergier \u2013 til beste for b\u00e5de underviserne, deltakerne og det nasjonale fagmilj\u00f8et.<\/p>\n\n\n\n<p class=\"wp-block-paragraph\">Vi h\u00e5per dette tiltaket vil styrke den nasjonale aktiviteten og gj\u00f8re PRODAs kompetansehevende tilbud mer tilgjengelig for dansekunstnere over hele landet.<\/p>\n\n\n\n<figure class=\"wp-block-gallery has-nested-images columns-default is-cropped wp-block-gallery-1 is-layout-flex wp-block-gallery-is-layout-flex\">\n<figure class=\"wp-block-image size-large\"><img loading=\"lazy\" decoding=\"async\" width=\"1024\" height=\"1024\" data-id=\"22302\" src=\"https:\/\/proda.no\/wp-content\/uploads\/2026\/09\/2-3-1024x1024.png\" alt=\"\" class=\"wp-image-22302\" srcset=\"https:\/\/proda.no\/wp-content\/uploads\/2026\/09\/2-3-1024x1024.png 1024w, https:\/\/proda.no\/wp-content\/uploads\/2026\/09\/2-3-300x300.png 300w, https:\/\/proda.no\/wp-content\/uploads\/2026\/09\/2-3-150x150.png 150w, https:\/\/proda.no\/wp-content\/uploads\/2026\/09\/2-3-100x100.png 100w, https:\/\/proda.no\/wp-content\/uploads\/2026\/09\/2-3-1536x1536.png 1536w, https:\/\/proda.no\/wp-content\/uploads\/2026\/09\/2-3-2048x2048.png 2048w, https:\/\/proda.no\/wp-content\/uploads\/2026\/09\/2-3-960x960.png 960w, https:\/\/proda.no\/wp-content\/uploads\/2026\/09\/2-3-480x480.png 480w, https:\/\/proda.no\/wp-content\/uploads\/2026\/09\/2-3-52x52.png 52w, https:\/\/proda.no\/wp-content\/uploads\/2026\/09\/2-3-128x128.png 128w\" sizes=\"auto, (max-width: 1024px) 100vw, 1024px\" \/><\/figure>\n\n\n\n<figure class=\"wp-block-image size-large\"><img loading=\"lazy\" decoding=\"async\" width=\"1024\" height=\"1024\" data-id=\"22301\" src=\"https:\/\/proda.no\/wp-content\/uploads\/2026\/09\/3-3-1024x1024.png\" alt=\"\" class=\"wp-image-22301\" srcset=\"https:\/\/proda.no\/wp-content\/uploads\/2026\/09\/3-3-1024x1024.png 1024w, https:\/\/proda.no\/wp-content\/uploads\/2026\/09\/3-3-300x300.png 300w, https:\/\/proda.no\/wp-content\/uploads\/2026\/09\/3-3-150x150.png 150w, https:\/\/proda.no\/wp-content\/uploads\/2026\/09\/3-3-100x100.png 100w, https:\/\/proda.no\/wp-content\/uploads\/2026\/09\/3-3-1536x1536.png 1536w, https:\/\/proda.no\/wp-content\/uploads\/2026\/09\/3-3-2048x2048.png 2048w, https:\/\/proda.no\/wp-content\/uploads\/2026\/09\/3-3-960x960.png 960w, https:\/\/proda.no\/wp-content\/uploads\/2026\/09\/3-3-480x480.png 480w, https:\/\/proda.no\/wp-content\/uploads\/2026\/09\/3-3-52x52.png 52w, https:\/\/proda.no\/wp-content\/uploads\/2026\/09\/3-3-128x128.png 128w\" sizes=\"auto, (max-width: 1024px) 100vw, 1024px\" \/><\/figure>\n<\/figure>\n\n\n\n<p class=\"wp-block-paragraph\"><\/p>\n\n\n\n<p class=\"wp-block-paragraph\"><strong>Ensemble Thinking\u2122 Workshop<\/strong><\/p>\n\n\n\n<p class=\"wp-block-paragraph\">Ensemble Thinking\u2122 er en samarbeidspraksis som finstiller en gruppes evne til \u00e5rv\u00e5ken lytting, kompositoriske valg og kollektive handlinger mot et scenisk verk &#8211; i sanntid. Praksisen utforsker samspillet mellom individuelle impulser og kollektive strukturer, og gjennom ulike scores utvikler vi solosignatur og vanebryting, \u00f8ver p\u00e5 \u00e5 gi og ta plass, initiere og overgi ideer, skape kaos og orden. Ved \u00e5 se og bli sett av hverandre utvikler vi en felles kunnskapsbank og utvider v\u00e5re kompositoriske valgmuligheter sammen.<\/p>\n\n\n\n<p class=\"wp-block-paragraph\">Ensemble Thinking\u2122 er en ut\u00f8vende, skapende, samarbeidende og filosofisk praksis utviklet av Nina Martin (USA) og Lower Left Performance Collective siden 1994. Praksisen har r\u00f8tter i Mary Overlies Viewpoints og New Yorks eksperimentelle improvisasjonsscene fra 1970-tallet(+), og videreutvikles i dag gjennom kollektivets felles og individuelle kunstnerskap.<\/p>\n\n\n\n<p class=\"wp-block-paragraph\"><strong>BIO<\/strong><\/p>\n\n\n\n<figure class=\"wp-block-gallery has-nested-images columns-default is-cropped wp-block-gallery-2 is-layout-flex wp-block-gallery-is-layout-flex\">\n<figure class=\"wp-block-image size-large\"><img loading=\"lazy\" decoding=\"async\" width=\"1024\" height=\"1024\" data-id=\"22299\" src=\"https:\/\/proda.no\/wp-content\/uploads\/2026\/09\/1a-1024x1024.webp\" alt=\"\" class=\"wp-image-22299\" srcset=\"https:\/\/proda.no\/wp-content\/uploads\/2026\/09\/1a-1024x1024.webp 1024w, https:\/\/proda.no\/wp-content\/uploads\/2026\/09\/1a-300x300.webp 300w, https:\/\/proda.no\/wp-content\/uploads\/2026\/09\/1a-150x150.webp 150w, https:\/\/proda.no\/wp-content\/uploads\/2026\/09\/1a-768x768.webp 768w, https:\/\/proda.no\/wp-content\/uploads\/2026\/09\/1a-100x100.webp 100w, https:\/\/proda.no\/wp-content\/uploads\/2026\/09\/1a-1536x1536.webp 1536w, https:\/\/proda.no\/wp-content\/uploads\/2026\/09\/1a-2048x2048.webp 2048w, https:\/\/proda.no\/wp-content\/uploads\/2026\/09\/1a-960x960.webp 960w, https:\/\/proda.no\/wp-content\/uploads\/2026\/09\/1a-480x480.webp 480w, https:\/\/proda.no\/wp-content\/uploads\/2026\/09\/1a-52x52.webp 52w, https:\/\/proda.no\/wp-content\/uploads\/2026\/09\/1a-128x128.webp 128w, https:\/\/proda.no\/wp-content\/uploads\/2026\/09\/1a-1170x1170.webp 1170w, https:\/\/proda.no\/wp-content\/uploads\/2026\/09\/1a.webp 512w\" sizes=\"auto, (max-width: 1024px) 100vw, 1024px\" \/><\/figure>\n\n\n\n<figure class=\"wp-block-image size-large\"><img loading=\"lazy\" decoding=\"async\" width=\"1024\" height=\"1024\" data-id=\"22300\" src=\"https:\/\/proda.no\/wp-content\/uploads\/2026\/09\/1b-1024x1024.jpg\" alt=\"\" class=\"wp-image-22300\" srcset=\"https:\/\/proda.no\/wp-content\/uploads\/2026\/09\/1b-1024x1024.jpg 1024w, https:\/\/proda.no\/wp-content\/uploads\/2026\/09\/1b-300x300.jpg 300w, https:\/\/proda.no\/wp-content\/uploads\/2026\/09\/1b-150x150.jpg 150w, https:\/\/proda.no\/wp-content\/uploads\/2026\/09\/1b-100x100.jpg 100w, https:\/\/proda.no\/wp-content\/uploads\/2026\/09\/1b-1536x1536.jpg 1536w, https:\/\/proda.no\/wp-content\/uploads\/2026\/09\/1b-2048x2048.jpg 2048w, https:\/\/proda.no\/wp-content\/uploads\/2026\/09\/1b-960x960.jpg 960w, https:\/\/proda.no\/wp-content\/uploads\/2026\/09\/1b-480x480.jpg 480w, https:\/\/proda.no\/wp-content\/uploads\/2026\/09\/1b-52x52.jpg 52w, https:\/\/proda.no\/wp-content\/uploads\/2026\/09\/1b-128x128.jpg 128w\" sizes=\"auto, (max-width: 1024px) 100vw, 1024px\" \/><\/figure>\n<\/figure>\n\n\n\n<p class=\"wp-block-paragraph\"><strong>Karen H\u00f8ybakk Mikalsen<\/strong> er en Oslo-basert dansekunstner, koreograf og pedagog, med utdanning fra Oslo, Stockholm, Salzburg og New York. De siste 20 \u00e5rene har hun fordypet seg i somatiske praksiser, signaturutforskning, kollektive prosesser og \u00f8yeblikkskomposisjon, med et s\u00e6rlig fokus p\u00e5 Ensemble Thinking\u2122, som hun videreutvikler sammen med scenekunstkollektivet Lower Left Performance Collective (USA, Canada, Tyskland og Norge). Arbeidet hennes tar ofte utgangspunkt i tematikker knyttet til fellesskap, og hun har medvirket i en rekke samarbeidsbaserte kunst- og communityprosjekter, samt forestillinger i offentlige rom. I perioden 2009\u20132019 var hun drivende i utviklingen av kunstneriske og faglige plattformer som PRAXIS Oslo, Mind the Gap og Praxisfestivalen, og fra 2015\u20132017 mottok hun Statens kunstnerstipend. Til daglig underviser hun i bevegelse og scenisk formidling ved Teaterh\u00f8gskolen, i tillegg til \u00e5 holde klasser og workshops nasjonalt og internasjonalt. I august 2026 f\u00e5r hun bes\u00f8k av nesten hele Lower Left, og arrangerer Ensemble Thinking Festival i Oslo.<\/p>\n\n\n\n<p class=\"wp-block-paragraph\"><strong>Julie Lebel<\/strong> er en Vancouver-basert koreograf som utforsker det poetiske i samspillet mellom generasjoner. Hun er kunstnerisk leder og grunnlegger av Foolish Operations, et kompani dedikert til dans for og med sv\u00e6rt sm\u00e5 barn og alle deres voksne. Hun er medlem av Lower Left Collective (USA, Tyskland, Norge og Canada), hvor hun underviser i og ut\u00f8ver Ensemble Thinking. Med en karriere som spenner over 30 \u00e5r, har arbeidet hennes involvert samarbeid med kunstnere fra mange disipliner, samt spesialister innen utdanning, helse og vitenskap. Julie har en bachelorgrad i dans (Cr\u00e9ation-Interpr\u00e9tation) fra Universit\u00e9 du Qu\u00e9bec \u00e0 Montr\u00e9al (1998), og har siden studert med Dr. Nina Martin (Ensemble Thinking), Sue Morrisson (Pochinko-teknikken) og mange l\u00e6rere innen kontaktimprovisasjon. De siste 15 \u00e5rene har hun ledet <em>Dancing the Parenting<\/em>, en p\u00e5g\u00e5ende improvisasjons- og forestillingspraksis for barn i alderen 0\u20135 \u00e5r og deres voksne. Gjennom dette arbeidet forsker hun p\u00e5 Ensemble Thinking, koreografiske ideer, traumebevisst praksis, arbeid p\u00e5 tvers av generasjoner og til tider stedsspesifikk praksis i naturen. Julie er en stolt mor til sv\u00e6rt aktive ten\u00e5ringstvillinger som fungerer som hennes f\u00f8rsteh\u00e5ndsr\u00e5dgivere i alle hennes kreative prosjekter.<\/p>\n\n\n\n<p class=\"wp-block-paragraph\"><\/p>\n\n\n\n<p class=\"wp-block-paragraph\"><sub>Foto<\/sub><\/p>\n\n\n\n<p class=\"wp-block-paragraph\"><sub>Julie Lebel; Profil &#8211; Riz Herbosa \/ Bilde fra &laquo;Leading from Beside&raquo; &#8211; Riz Herbosa<\/sub><\/p>\n\n\n\n<p class=\"wp-block-paragraph\"><sub>Karen H\u00f8ybakk Mikalsen; Profil &#8211; KHiO \/ Bilde fra &laquo;Point of view&raquo; &#8211; Tale Hendnes<\/sub><\/p>","protected":false},"excerpt":{"rendered":"<p>H\u00f8stens nasjonale turn\u00e9slynger er i gang \ud83d\udd25 F\u00f8rst ut er Ensemble thinking med Karen H\u00f8ybakk Mikalsen og Julie Lebel fra Lower left. De har allerede v\u00e6rt en uke i Oslo,&#8230;<\/p>","protected":false},"author":15,"featured_media":22286,"comment_status":"closed","ping_status":"closed","sticky":false,"template":"","format":"standard","meta":{"_acf_changed":false,"footnotes":""},"categories":[25],"tags":[],"class_list":["post-22283","post","type-post","status-publish","format-standard","has-post-thumbnail","hentry","category-nyheter"],"acf":[],"featured_image_src":"https:\/\/proda.no\/wp-content\/uploads\/2026\/09\/Horisontale-forsidebilder-2026-2025-\u2013-til-nyhetsbrev-og-artikkel6.png","author_info":{"display_name":"PRODA","author_link":"https:\/\/proda.no\/en\/author\/resepsjon\/"},"_links":{"self":[{"href":"https:\/\/proda.no\/en\/wp-json\/wp\/v2\/posts\/22283","targetHints":{"allow":["GET"]}}],"collection":[{"href":"https:\/\/proda.no\/en\/wp-json\/wp\/v2\/posts"}],"about":[{"href":"https:\/\/proda.no\/en\/wp-json\/wp\/v2\/types\/post"}],"author":[{"embeddable":true,"href":"https:\/\/proda.no\/en\/wp-json\/wp\/v2\/users\/15"}],"replies":[{"embeddable":true,"href":"https:\/\/proda.no\/en\/wp-json\/wp\/v2\/comments?post=22283"}],"version-history":[{"count":7,"href":"https:\/\/proda.no\/en\/wp-json\/wp\/v2\/posts\/22283\/revisions"}],"predecessor-version":[{"id":22305,"href":"https:\/\/proda.no\/en\/wp-json\/wp\/v2\/posts\/22283\/revisions\/22305"}],"wp:featuredmedia":[{"embeddable":true,"href":"https:\/\/proda.no\/en\/wp-json\/wp\/v2\/media\/22286"}],"wp:attachment":[{"href":"https:\/\/proda.no\/en\/wp-json\/wp\/v2\/media?parent=22283"}],"wp:term":[{"taxonomy":"category","embeddable":true,"href":"https:\/\/proda.no\/en\/wp-json\/wp\/v2\/categories?post=22283"},{"taxonomy":"post_tag","embeddable":true,"href":"https:\/\/proda.no\/en\/wp-json\/wp\/v2\/tags?post=22283"}],"curies":[{"name":"wp","href":"https:\/\/api.w.org\/{rel}","templated":true}]}}