{"id":21300,"date":"2026-04-29T00:37:47","date_gmt":"2026-04-28T22:37:47","guid":{"rendered":"https:\/\/proda.no\/?p=21300"},"modified":"2026-04-29T00:39:09","modified_gmt":"2026-04-28T22:39:09","slug":"arsmote-2026","status":"publish","type":"post","link":"https:\/\/proda.no\/en\/2026\/04\/29\/arsmote-2026\/","title":{"rendered":"\u00c5RSM\u00d8TE 2026"},"content":{"rendered":"<p class=\"wp-block-paragraph\">Kj\u00e6re bruker, vi \u00f8nsker velkommen til stiftelsen PRODA profesjonell dansetrenings \u00e5rsm\u00f8te 2026.&nbsp;<\/p>\n\n\n\n<p class=\"wp-block-paragraph\">\u00c5rsm\u00f8tet i PRODA profesjonell dansetrening best\u00e5r av styret i PRODA og generalforsamlingen i Norske Dansekunstnere. Brukere som ikke er medlemmer av Norske Dansekunstnere har m\u00f8te- og talerett, men ikke stemmerett.<\/p>\n\n\n\n<p class=\"wp-block-paragraph\"><br><strong>Dato:<\/strong> 19. mai 2026<br><strong>Tid:<\/strong> Registrering fra 14:00 \/ M\u00f8testart 14.30. PRODAs \u00e5rsm\u00f8te gjennomf\u00f8res direkte etter konstituering av m\u00f8tet, og vi ansl\u00e5r \u00e5 v\u00e6re ferdig omtrent 15.30, f\u00f8r m\u00f8tet fortsetter med Norske Dansekunstneres generalforsamling.\u00a0<br><strong>Sted:<\/strong> Dansens Hus, Vulkan 1, Oslo.<\/p>\n\n\n\n<p class=\"wp-block-paragraph\">Ved digital deltagelse m\u00e5 man melde seg p\u00e5 innen 16.mai 2026 &#8211; ogs\u00e5 hvis du \u00f8nsker mat ved fysisk deltakelse.<\/p>\n\n\n\n<p class=\"wp-block-paragraph\"><a href=\"https:\/\/forms.gle\/rmNtJPEN6xfR4u1w7\" target=\"_blank\" rel=\"noreferrer noopener\">P\u00c5MELDING HER!<\/a><\/p>\n\n\n\n<p class=\"wp-block-paragraph\"><em>Mer informasjon om og link til digital deltakelse blir sendt ut etter at frist for p\u00e5melding har g\u00e5tt ut.<\/em><\/p>\n\n\n\n<p class=\"wp-block-paragraph\">Husk \u00e5 lese sakspapirene i forkant av m\u00f8tet. Passord er sendt alle brukere per epost 28.april 2026.<\/p>\n\n\n\n<p class=\"wp-block-paragraph\">Vi gleder oss til \u00e5 se deg!<\/p>\n\n\n\n<div data-wp-interactive=\"core\/file\" class=\"wp-block-file\"><object data-wp-bind--hidden=\"!state.hasPdfPreview\" hidden class=\"wp-block-file__embed\" data=\"https:\/\/proda.no\/wp-content\/uploads\/2026\/04\/Sakspapirer-Arsmote-PRODA-profesjonell-dansetrening-2026.pdf\" type=\"application\/pdf\" style=\"width:100%;height:600px\" aria-label=\"Embed of Sakspapirer A\u030arsm\u00f8te PRODA profesjonell dansetrening 2026.\"><\/object><a id=\"wp-block-file--media-cefaa5d8-23d3-4ca8-b1a9-6874c44b0595\" href=\"https:\/\/proda.no\/wp-content\/uploads\/2026\/04\/Sakspapirer-Arsmote-PRODA-profesjonell-dansetrening-2026.pdf\">Sakspapirer A\u030arsm\u00f8te PRODA profesjonell dansetrening 2026<\/a><a href=\"https:\/\/proda.no\/wp-content\/uploads\/2026\/04\/Sakspapirer-Arsmote-PRODA-profesjonell-dansetrening-2026.pdf\" class=\"wp-block-file__button wp-element-button\" download aria-describedby=\"wp-block-file--media-cefaa5d8-23d3-4ca8-b1a9-6874c44b0595\">Last ned<\/a><\/div>","protected":false},"excerpt":{"rendered":"<p>Kj\u00e6re bruker, vi \u00f8nsker velkommen til stiftelsen PRODA profesjonell dansetrenings \u00e5rsm\u00f8te 2026.&nbsp; \u00c5rsm\u00f8tet i PRODA profesjonell dansetrening best\u00e5r av styret i PRODA og generalforsamlingen i Norske Dansekunstnere. Brukere som ikke&#8230;<\/p>","protected":false},"author":15,"featured_media":21302,"comment_status":"closed","ping_status":"closed","sticky":false,"template":"","format":"standard","meta":{"_acf_changed":false,"footnotes":""},"categories":[25],"tags":[],"class_list":["post-21300","post","type-post","status-publish","format-standard","has-post-thumbnail","hentry","category-nyheter"],"acf":[],"featured_image_src":"https:\/\/proda.no\/wp-content\/uploads\/2026\/04\/Horisontale-forsidebilder-2026-2025-\u2013-til-nyhetsbrev-og-artikkel24.png","author_info":{"display_name":"PRODA","author_link":"https:\/\/proda.no\/en\/author\/resepsjon\/"},"_links":{"self":[{"href":"https:\/\/proda.no\/en\/wp-json\/wp\/v2\/posts\/21300","targetHints":{"allow":["GET"]}}],"collection":[{"href":"https:\/\/proda.no\/en\/wp-json\/wp\/v2\/posts"}],"about":[{"href":"https:\/\/proda.no\/en\/wp-json\/wp\/v2\/types\/post"}],"author":[{"embeddable":true,"href":"https:\/\/proda.no\/en\/wp-json\/wp\/v2\/users\/15"}],"replies":[{"embeddable":true,"href":"https:\/\/proda.no\/en\/wp-json\/wp\/v2\/comments?post=21300"}],"version-history":[{"count":2,"href":"https:\/\/proda.no\/en\/wp-json\/wp\/v2\/posts\/21300\/revisions"}],"predecessor-version":[{"id":21304,"href":"https:\/\/proda.no\/en\/wp-json\/wp\/v2\/posts\/21300\/revisions\/21304"}],"wp:featuredmedia":[{"embeddable":true,"href":"https:\/\/proda.no\/en\/wp-json\/wp\/v2\/media\/21302"}],"wp:attachment":[{"href":"https:\/\/proda.no\/en\/wp-json\/wp\/v2\/media?parent=21300"}],"wp:term":[{"taxonomy":"category","embeddable":true,"href":"https:\/\/proda.no\/en\/wp-json\/wp\/v2\/categories?post=21300"},{"taxonomy":"post_tag","embeddable":true,"href":"https:\/\/proda.no\/en\/wp-json\/wp\/v2\/tags?post=21300"}],"curies":[{"name":"wp","href":"https:\/\/api.w.org\/{rel}","templated":true}]}}