{"id":20104,"date":"2025-08-28T09:48:30","date_gmt":"2025-08-28T07:48:30","guid":{"rendered":"https:\/\/proda.no\/?p=20104"},"modified":"2025-08-28T09:48:30","modified_gmt":"2025-08-28T07:48:30","slug":"agniete-lisickinaite","status":"publish","type":"post","link":"https:\/\/proda.no\/en\/2025\/08\/28\/agniete-lisickinaite\/","title":{"rendered":"Agniet\u0117 Lisi\u010dkinait\u0117"},"content":{"rendered":"<p>Agniet\u0117 Lisi\u010dkinait\u0117 (1990) er en uavhengig samtidsdanskunstner, koreograf og l\u00e6rer. Siden 2016 har hun v\u00e6rt medlem av Contemporary Dance Association, og fra 2020 leder av organisasjonen. I 2019 grunnla hun sammen med kollega Greta Grineviciute organisasjonen BE COMPANY.<\/p>\n\n\n\n<p>Hun beskriver sin kunstneriske praksis slik: <em>\u00abEt provoserende, sp\u00f8rrende, tankevekkende, sosialt og politisk engasjert danseuttrykk er for meg et middel til \u00e5 skape dialog med publikum. Dans kan v\u00e6re et verkt\u00f8y for sosial aktivitet. Jeg tror at et kunstverk kan bidra til sosial endring og likevel forbli kunst som ikke definerer seg innenfor grensene av kunstinstitusjonene.\u00bb<\/em><\/p>\n\n\n\n<p><\/p>\n\n\n\n<p>Agniet\u0117 Lisi\u010dkinait\u0117 gir workshop 10.oktober i samarbeid med CODA International Dance Festival<\/p>\n\n\n\n<p><\/p>\n\n\n\n<p>Foto: S\u00f4kio teatro AIROS archyvas<\/p>","protected":false},"excerpt":{"rendered":"<p>Agniet\u0117 Lisi\u010dkinait\u0117 (1990) er en uavhengig samtidsdanskunstner, koreograf og l\u00e6rer. Siden 2016 har hun v\u00e6rt medlem av Contemporary Dance Association, og fra 2020 leder av organisasjonen. I 2019 grunnla hun&#8230;<\/p>","protected":false},"author":15,"featured_media":20105,"comment_status":"closed","ping_status":"closed","sticky":false,"template":"","format":"standard","meta":{"_acf_changed":false,"footnotes":""},"categories":[26,27],"tags":[],"class_list":["post-20104","post","type-post","status-publish","format-standard","has-post-thumbnail","hentry","category-pedagog","category-aktive_pedagoger"],"acf":[],"featured_image_src":"https:\/\/proda.no\/wp-content\/uploads\/2025\/08\/Agniete-Lisickinaite.webp","author_info":{"display_name":"PRODA","author_link":"https:\/\/proda.no\/en\/author\/resepsjon\/"},"_links":{"self":[{"href":"https:\/\/proda.no\/en\/wp-json\/wp\/v2\/posts\/20104","targetHints":{"allow":["GET"]}}],"collection":[{"href":"https:\/\/proda.no\/en\/wp-json\/wp\/v2\/posts"}],"about":[{"href":"https:\/\/proda.no\/en\/wp-json\/wp\/v2\/types\/post"}],"author":[{"embeddable":true,"href":"https:\/\/proda.no\/en\/wp-json\/wp\/v2\/users\/15"}],"replies":[{"embeddable":true,"href":"https:\/\/proda.no\/en\/wp-json\/wp\/v2\/comments?post=20104"}],"version-history":[{"count":2,"href":"https:\/\/proda.no\/en\/wp-json\/wp\/v2\/posts\/20104\/revisions"}],"predecessor-version":[{"id":20107,"href":"https:\/\/proda.no\/en\/wp-json\/wp\/v2\/posts\/20104\/revisions\/20107"}],"wp:featuredmedia":[{"embeddable":true,"href":"https:\/\/proda.no\/en\/wp-json\/wp\/v2\/media\/20105"}],"wp:attachment":[{"href":"https:\/\/proda.no\/en\/wp-json\/wp\/v2\/media?parent=20104"}],"wp:term":[{"taxonomy":"category","embeddable":true,"href":"https:\/\/proda.no\/en\/wp-json\/wp\/v2\/categories?post=20104"},{"taxonomy":"post_tag","embeddable":true,"href":"https:\/\/proda.no\/en\/wp-json\/wp\/v2\/tags?post=20104"}],"curies":[{"name":"wp","href":"https:\/\/api.w.org\/{rel}","templated":true}]}}