{"id":19652,"date":"2025-07-23T12:00:00","date_gmt":"2025-07-23T10:00:00","guid":{"rendered":"https:\/\/proda.no\/?p=19652"},"modified":"2025-10-06T13:29:04","modified_gmt":"2025-10-06T11:29:04","slug":"pedagogseminar-2025","status":"publish","type":"post","link":"https:\/\/proda.no\/en\/2025\/07\/23\/pedagogseminar-2025\/","title":{"rendered":"Pedagogseminar 2025"},"content":{"rendered":"<p><strong>Pedagogseminar med Annette Brandanger og Laura Navndrup Black<\/strong><br><br><a href=\"https:\/\/docs.google.com\/forms\/d\/e\/1FAIpQLScOv-YywiaxMurdD47cYB-_1SjpX5Dpd0n7wPj_tc0-4dSWjA\/viewform?usp=sharing&amp;ouid=104937333924429506623\" target=\"_blank\" rel=\"noreferrer noopener\"><strong>Lenke til p\u00e5melding<\/strong><\/a><\/p>\n\n\n\n<p><strong>Annette Brandanger<\/strong> vil lede \u00e5rets pedagogseminar, <em><a href=\"https:\/\/docs.google.com\/forms\/d\/e\/1FAIpQLScOv-YywiaxMurdD47cYB-_1SjpX5Dpd0n7wPj_tc0-4dSWjA\/viewform?usp=sharing&amp;ouid=104937333924429506623\" target=\"_blank\" rel=\"noreferrer noopener\">Den<\/a><\/em> <em><a href=\"https:\/\/docs.google.com\/forms\/d\/e\/1FAIpQLScOv-YywiaxMurdD47cYB-_1SjpX5Dpd0n7wPj_tc0-4dSWjA\/viewform?usp=sharing&amp;ouid=104937333924429506623\" target=\"_blank\" rel=\"noreferrer noopener\">performative<\/a><\/em> <em><a href=\"https:\/\/docs.google.com\/forms\/d\/e\/1FAIpQLScOv-YywiaxMurdD47cYB-_1SjpX5Dpd0n7wPj_tc0-4dSWjA\/viewform?usp=sharing&amp;ouid=104937333924429506623\" target=\"_blank\" rel=\"noreferrer noopener\">dansekunstneren<\/a><\/em> <em><a href=\"https:\/\/docs.google.com\/forms\/d\/e\/1FAIpQLScOv-YywiaxMurdD47cYB-_1SjpX5Dpd0n7wPj_tc0-4dSWjA\/viewform?usp=sharing&amp;ouid=104937333924429506623\" target=\"_blank\" rel=\"noreferrer noopener\">i<\/a><\/em> <em><a href=\"https:\/\/docs.google.com\/forms\/d\/e\/1FAIpQLScOv-YywiaxMurdD47cYB-_1SjpX5Dpd0n7wPj_tc0-4dSWjA\/viewform?usp=sharing&amp;ouid=104937333924429506623\" target=\"_blank\" rel=\"noreferrer noopener\">m\u00f8te<\/a><\/em> <em><a href=\"https:\/\/docs.google.com\/forms\/d\/e\/1FAIpQLScOv-YywiaxMurdD47cYB-_1SjpX5Dpd0n7wPj_tc0-4dSWjA\/viewform?usp=sharing&amp;ouid=104937333924429506623\" target=\"_blank\" rel=\"noreferrer noopener\">med<\/a><\/em> <em><a href=\"https:\/\/docs.google.com\/forms\/d\/e\/1FAIpQLScOv-YywiaxMurdD47cYB-_1SjpX5Dpd0n7wPj_tc0-4dSWjA\/viewform?usp=sharing&amp;ouid=104937333924429506623\" target=\"_blank\" rel=\"noreferrer noopener\">barn<\/a><\/em> <em><a href=\"https:\/\/docs.google.com\/forms\/d\/e\/1FAIpQLScOv-YywiaxMurdD47cYB-_1SjpX5Dpd0n7wPj_tc0-4dSWjA\/viewform?usp=sharing&amp;ouid=104937333924429506623\" target=\"_blank\" rel=\"noreferrer noopener\">and<\/a><\/em> <em><a href=\"https:\/\/docs.google.com\/forms\/d\/e\/1FAIpQLScOv-YywiaxMurdD47cYB-_1SjpX5Dpd0n7wPj_tc0-4dSWjA\/viewform?usp=sharing&amp;ouid=104937333924429506623\" target=\"_blank\" rel=\"noreferrer noopener\">unge<\/a>,<\/em> i samarbeid med danske <strong>Laura Navndrup Black<\/strong>. Seminaret vil fokusere p\u00e5 hvordan den performative dansekunstneren kan v\u00e6re en d\u00f8r\u00e5pner for barn og unge. I m\u00f8te mellom to praktiserende dansekunstnere med lang erfaring fra kunstnerisk og pedagogisk arbeid, vil seminardeltakerne f\u00e5 nye verkt\u00f8y og metoder, samt at det legges til rette for erfaringsutveksling og dialog gjennom to fulle dager.<\/p>\n\n\n\n<p>PRODA Profesjonell dansetrening og SANS &#8211; Senter for dansepraksis inviterer til pedagogseminar som retter seg mot dansepedagoger og dansekunstnere, som \u00f8nsker \u00f8kt kompetanse om kunstnerisk og skapende arbeid med barn og unge. Brandanger og Black vil dykke inn i tematikk som er relevant p\u00e5 tvers av spisset interesse og sjanger, og seminaret vil derfor ha et bredt nedslagsfelt.<\/p>\n\n\n\n<p>En av utfordringene med \u00e5 jobbe med barn er forventningene \u2013 b\u00e5de deres egne og de voksnes \u2013 om hva dans <em>skal<\/em> v\u00e6re. En viktig oppgave er derfor \u00e5 \u00e5pne d\u00f8ren inn til dansens kunstneriske univers. Her er du som pedagog og kunstner p\u00e5 hjemmebane, og med riktige verkt\u00f8y kan du invitere barna inn, p\u00e5 deres egne premisser. Barna m\u00e5 kjenne seg trygge \u2013 og f\u00e5 f\u00f8lelsen av: <em>&laquo;Ja! Dette vil jeg v\u00e6re med p\u00e5.&raquo;<\/em><\/p>\n\n\n\n<p>Gjennom kunst basert undervisning for barn og unge, med utgangspunkt i samtidsdansen, \u00f8nsker Annette \u00e5 legge til rette for at dansepedagoger og dansekunstnere kan f\u00e5 utvidet kompetanse p\u00e5 \u00e5:<\/p>\n\n\n\n<ul class=\"wp-block-list\">\n<li>\u00c5 invitere barn til \u00e5 m\u00f8te dans med en \u00e5pen og kreativ holdning.<\/li>\n\n\n\n<li>\u00c5 oppdage og styrke utforskeren i seg selv \u2013 og i egen kropp.<\/li>\n\n\n\n<li>\u00c5 utvikle og tydeliggj\u00f8re sitt kroppslige uttrykk.<\/li>\n<\/ul>\n\n\n\n<p>\u00c5 v\u00e6re til stede i kroppen og bevege seg er i seg selv nok. Tekniske ferdigheter og &laquo;tricks&raquo; kommer som en naturlig bonus n\u00e5r gleden ved bevegelse f\u00e5r rom.<\/p>\n\n\n\n<p><strong>Dato: L\u00f8rdag 18. og s\u00f8ndag 19. oktober 2025<\/strong><\/p>\n\n\n\n<h2 class=\"wp-block-heading\"><strong>Program<\/strong><\/h2>\n\n\n\n<p><strong>L\u00f8rdag 18. oktober<\/strong>:<\/p>\n\n\n\n<ul class=\"wp-block-list\">\n<li>Kl. 10:00\u201310:30. Velkommen og registrering.&nbsp;<\/li>\n\n\n\n<li>Kl. 10:30\u201313:00. Workshop: Teoretisk del &#8211; felles introduksjon og muntlig inleggg ved Laura Navndrup Black.<\/li>\n\n\n\n<li>Kl. 13:00\u201314:00. Lunsj.<\/li>\n\n\n\n<li>Kl. 14:00\u201316:00. Workshop: Praktisk del 1 &#8211; ledet av Annette Brandanger med aktiv deltakelse fra Laura Navndrup Black.<\/li>\n<\/ul>\n\n\n\n<p><strong>S\u00f8ndag 19. oktober<\/strong>:<\/p>\n\n\n\n<ul class=\"wp-block-list\">\n<li>Kl. 10:00\u201310:30. Kaffe og god morgen.<\/li>\n\n\n\n<li>Kl. 10:30\u201313:00. Workshop: Praktisk del 2 &#8211; ledet av Annette Brandanger<\/li>\n\n\n\n<li>Kl. 13:00\u201314:00. Lunsj.<\/li>\n\n\n\n<li>Kl. 14:00\u201316.00. Workshop: Praktisk del 3 &#8211; ledet av Annette Brandanger<\/li>\n<\/ul>\n\n\n\n<p><strong>Sted:<\/strong> OSLO, Rom for Dans &#8211; Store studio <\/p>\n\n\n\n<p><strong>Pris: <\/strong>1250 NOK* inkluderer seminar og lunsj begge dager<\/p>\n\n\n\n<p>*NB: Medlemmer av SANS f\u00e5r seminar til 850 NOK. Medlemsskap m\u00e5 dokumenteres.<\/p>\n\n\n\n<p><strong>P\u00e5melding:<\/strong> <a href=\"https:\/\/docs.google.com\/forms\/d\/e\/1FAIpQLScOv-YywiaxMurdD47cYB-_1SjpX5Dpd0n7wPj_tc0-4dSWjA\/viewform?usp=sharing&amp;ouid=104937333924429506623\" target=\"_blank\" rel=\"noreferrer noopener\">Gj\u00f8res her!<\/a><\/p>\n\n\n\n<p>Seminaret arrangeres i samarbeid med <a href=\"https:\/\/dansepraksis.no\/\" target=\"_blank\" rel=\"noreferrer noopener\">SANS &#8211; Senter for Dansepraksis<\/a>.<\/p>\n\n\n\n<p><strong>Praktisk workshop ved lokal barneskole i Oslo:<\/strong> I etterkant av pedagogseminaret vil Annette Brandanger gjennomf\u00f8re en workshop p\u00e5 Majorstuen skole i Oslo, hvor metoder og verkt\u00f8y fra seminaret blir benyttet. En deltaker p\u00e5 pedagogseminaret vil f\u00e5 mulighet til \u00e5 f\u00f8lge Annettes arbeid med barn og unge fysisk, som assistent, gjennom workshopen. Deltakeren vil f\u00e5 betalt l\u00f8nn i tr\u00e5d med PRODAs satser for assistent.&nbsp;<\/p>\n\n\n\n<p>Workshopen gjennomf\u00f8res onsdager i perioden 5.november &#8211; 10.desember i tidsrommet 14.30-16.30. Deltakeren m\u00e5 v\u00e6re tilgjengelig alle ganger. Workshopen er realisert gjennom st\u00f8tte fra Sparebankstiftelsen DNB.<\/p>\n\n\n\n<p>NB. P\u00e5melding er bindende, gi beskjed dersom du ikke lenger kan delta.<br>Ved sp\u00f8rsm\u00e5l, kontakt <a href=\"mailto:post@proda.no\">post@proda.no<\/a><\/p>\n\n\n\n<p><\/p>\n\n\n\n<h2 class=\"wp-block-heading\"><strong>Om kursholderne<\/strong><\/h2>\n\n\n\n<p><strong>Annette Brandanger<\/strong> er dansekunstner og jobber selvstendig innen samtidsdans. Hun kombinerer ut\u00f8vende virksomhet med undervisning, og har bred erfaring med \u00e5 undervise p\u00e5 tvers av alder og niv\u00e5 \u2013 fra profesjonelle dansere og eldre, til de aller yngste.<\/p>\n\n\n\n<p>Annette har et s\u00e6rlig fokus p\u00e5 tverrfaglige kunstneriske prosesser. Hun bruker ofte visuell kunst som inspirasjon for bevegelse, og s\u00f8ker \u00e5 skape rom hvor barn f\u00e5r utforske og uttrykke seg fritt i m\u00f8te mellom ulike kunstformer.<\/p>\n\n\n\n<p>Annette har en pragmatisk tiln\u00e6rming til undervisningen som er forankret i samtidsdans som uttrykk. Hun benytter et bredt spekter av hensiktsmessige verkt\u00f8y tilpasset den aktuelle undervisningssituasjonen basert p\u00e5 hennes tidligere erfaringer. Hun er selv en aktiv deltaker i l\u00e6ringsprosessen og opptrer ofte som en ut\u00f8vende rollemodell. Gjennom \u00e5 vise eksempler og utforske l\u00f8sninger sammen med elevene, skaper hun et engasjerende og inspirerende l\u00e6ringsmilj\u00f8.<\/p>\n\n\n\n<p>Samtidig legger Annette stor vekt p\u00e5 tydelig struktur og klare rammer, noe som bidrar til en trygg atmosf\u00e6re. Dette gir elevene frihet til \u00e5 v\u00e6re kreative og utforskende innenfor forutsigbare og st\u00f8ttende rammer. Hun vektlegger ogs\u00e5 bevisst bruk av vokabular og stemmebruk som speiler kroppens bevegelser og uttrykk<\/p>\n\n\n\n<p>For mer informasjon om Annette Brandanger og hennes arbeid: <a href=\"http:\/\/www.constantmovement.com\">www.constantmovement.com<\/a><\/p>\n\n\n\n<p><strong>Laura Navndrup Black<\/strong> is a Copenhagen-based artist, researcher and educator working with dance and choreography.&nbsp;<\/p>\n\n\n\n<p>Laura is Head of the Dance and Participation Master&#8217;s Programme at the Danish National School of Performing Arts. Equally concerned with participation, pedagogy and performance in both global and local contexts, her current research concerns the construction of choreographic challenges which allow intergenerational groups of professional and non-professional performers to collaborate in ways that aim to not favour one set of knowledges over another.<\/p>\n\n\n\n<p>She holds a BPA (hons) from Northern School of Contemporary dance, a post graduate diploma in Dance Partnership from Statens Teaterskole, an MRes in Performance and Creative Research from University of Roehampton and is currently undertaking PhD research at University of Agder entitled &#8216;The child is Present &#8211; children and young people as choreographers and choreographic material.\u2019<\/p>\n\n\n\n<p>For more information about Laura Navndrup Black: <a href=\"https:\/\/ddsks.dk\/da\/ansatte\/laura-navndrup-black\">https:\/\/ddsks.dk\/da\/ansatte\/laura-navndrup-black<\/a><\/p>","protected":false},"excerpt":{"rendered":"<p>Pedagogseminar med Annette Brandanger og Laura Navndrup Black Lenke til p\u00e5melding Annette Brandanger vil lede \u00e5rets pedagogseminar, Den performative dansekunstneren i m\u00f8te med barn og unge, i samarbeid med danske&#8230;<\/p>","protected":false},"author":15,"featured_media":19653,"comment_status":"closed","ping_status":"closed","sticky":false,"template":"","format":"standard","meta":{"_acf_changed":false,"footnotes":""},"categories":[25],"tags":[],"class_list":["post-19652","post","type-post","status-publish","format-standard","has-post-thumbnail","hentry","category-nyheter"],"acf":[],"featured_image_src":"https:\/\/proda.no\/wp-content\/uploads\/2025\/07\/Dansens-Hus-Workshop-Roza-Moshtaghi.png","author_info":{"display_name":"PRODA","author_link":"https:\/\/proda.no\/en\/author\/resepsjon\/"},"_links":{"self":[{"href":"https:\/\/proda.no\/en\/wp-json\/wp\/v2\/posts\/19652","targetHints":{"allow":["GET"]}}],"collection":[{"href":"https:\/\/proda.no\/en\/wp-json\/wp\/v2\/posts"}],"about":[{"href":"https:\/\/proda.no\/en\/wp-json\/wp\/v2\/types\/post"}],"author":[{"embeddable":true,"href":"https:\/\/proda.no\/en\/wp-json\/wp\/v2\/users\/15"}],"replies":[{"embeddable":true,"href":"https:\/\/proda.no\/en\/wp-json\/wp\/v2\/comments?post=19652"}],"version-history":[{"count":11,"href":"https:\/\/proda.no\/en\/wp-json\/wp\/v2\/posts\/19652\/revisions"}],"predecessor-version":[{"id":20304,"href":"https:\/\/proda.no\/en\/wp-json\/wp\/v2\/posts\/19652\/revisions\/20304"}],"wp:featuredmedia":[{"embeddable":true,"href":"https:\/\/proda.no\/en\/wp-json\/wp\/v2\/media\/19653"}],"wp:attachment":[{"href":"https:\/\/proda.no\/en\/wp-json\/wp\/v2\/media?parent=19652"}],"wp:term":[{"taxonomy":"category","embeddable":true,"href":"https:\/\/proda.no\/en\/wp-json\/wp\/v2\/categories?post=19652"},{"taxonomy":"post_tag","embeddable":true,"href":"https:\/\/proda.no\/en\/wp-json\/wp\/v2\/tags?post=19652"}],"curies":[{"name":"wp","href":"https:\/\/api.w.org\/{rel}","templated":true}]}}