{"id":19385,"date":"2025-06-04T13:19:01","date_gmt":"2025-06-04T11:19:01","guid":{"rendered":"https:\/\/proda.no\/?p=19385"},"modified":"2025-06-16T12:27:58","modified_gmt":"2025-06-16T10:27:58","slug":"jan-ivar-lund","status":"publish","type":"post","link":"https:\/\/proda.no\/en\/2025\/06\/04\/jan-ivar-lund\/","title":{"rendered":"Jan Ivar Lund"},"content":{"rendered":"<p>Jan Ivar Lund har arbeidet innen jazz, moderne samtidsdans og musikal i over 35 \u00e5r. F\u00f8r det danset han selskapsdans\/sportsdans i 12 \u00e5r. Han har v\u00e6rt medlem av blant annet Carte Blanche Dansekompani, Oslo Danse Ensemble og er fortsatt medlem av&nbsp;Jo Str\u00f8mgren Kompani. Han har i tillegg jobbet med flere frie grupper og koreografer i inn- og utland, bl.a medvirket han i Un-Matrit Nordseths \u00abKonger\u00bb v\u00e5ren 2025.<\/p>\n\n\n\n<p>Han har medvirket i en rekke musikaler blant annet \u201cWest side story\u201d, \u00abLa cage aux folles\u201d, \u201cChicago\u201d, \u201cCats\u201d, \u201cSinging in the rain\u201d og \u201cMy Fair Lady\u201d.<\/p>\n\n\n\n<p>Lund har koreografert for blant annet Riksteatret, Den Norske Opera &amp; Ballett, Oslo Nye Teater, Nationaltheatret, Oslo Danse Ensemble og i TV-produksjoner som blant annet\u00a0<em>Dansefeber<\/em>\u00a0(TVNorge),\u00a0<em>Stjernekamp<\/em>\u00a0(NRK),\u00a0<em>Skal vi danse<\/em>\u00a0(TV2) og\u00a0<em>Sangstjerner<\/em>\u00a0(TV3). Lund var ogs\u00e5 en del av jurypanelet for\u00a0<em>Dansefeber<\/em>\u00a0p\u00e5 TVNorge i 2006.\u00a0<br><br>Han jobber ved siden av \u00e5 v\u00e6re koreograf og danser i en 100% stilling som F\u00f8rsteamanuensis i dans ved Kristiania H\u00f8yskole, bachelor i musikkteater.\u00a0<\/p>","protected":false},"excerpt":{"rendered":"<p>Jan Ivar Lund har arbeidet innen jazz, moderne samtidsdans og musikal i over 35 \u00e5r. F\u00f8r det danset han selskapsdans\/sportsdans i 12 \u00e5r. Han har v\u00e6rt medlem av blant annet&#8230;<\/p>","protected":false},"author":15,"featured_media":19383,"comment_status":"closed","ping_status":"closed","sticky":false,"template":"","format":"standard","meta":{"_acf_changed":false,"footnotes":""},"categories":[26,27],"tags":[],"class_list":["post-19385","post","type-post","status-publish","format-standard","has-post-thumbnail","hentry","category-pedagog","category-aktive_pedagoger"],"acf":[],"featured_image_src":"https:\/\/proda.no\/wp-content\/uploads\/2025\/06\/Jan-Ivar-Lund.jpeg","author_info":{"display_name":"PRODA","author_link":"https:\/\/proda.no\/en\/author\/resepsjon\/"},"_links":{"self":[{"href":"https:\/\/proda.no\/en\/wp-json\/wp\/v2\/posts\/19385","targetHints":{"allow":["GET"]}}],"collection":[{"href":"https:\/\/proda.no\/en\/wp-json\/wp\/v2\/posts"}],"about":[{"href":"https:\/\/proda.no\/en\/wp-json\/wp\/v2\/types\/post"}],"author":[{"embeddable":true,"href":"https:\/\/proda.no\/en\/wp-json\/wp\/v2\/users\/15"}],"replies":[{"embeddable":true,"href":"https:\/\/proda.no\/en\/wp-json\/wp\/v2\/comments?post=19385"}],"version-history":[{"count":1,"href":"https:\/\/proda.no\/en\/wp-json\/wp\/v2\/posts\/19385\/revisions"}],"predecessor-version":[{"id":19386,"href":"https:\/\/proda.no\/en\/wp-json\/wp\/v2\/posts\/19385\/revisions\/19386"}],"wp:featuredmedia":[{"embeddable":true,"href":"https:\/\/proda.no\/en\/wp-json\/wp\/v2\/media\/19383"}],"wp:attachment":[{"href":"https:\/\/proda.no\/en\/wp-json\/wp\/v2\/media?parent=19385"}],"wp:term":[{"taxonomy":"category","embeddable":true,"href":"https:\/\/proda.no\/en\/wp-json\/wp\/v2\/categories?post=19385"},{"taxonomy":"post_tag","embeddable":true,"href":"https:\/\/proda.no\/en\/wp-json\/wp\/v2\/tags?post=19385"}],"curies":[{"name":"wp","href":"https:\/\/api.w.org\/{rel}","templated":true}]}}