{"id":19148,"date":"2025-04-11T13:13:26","date_gmt":"2025-04-11T11:13:26","guid":{"rendered":"https:\/\/proda.no\/?p=19148"},"modified":"2025-04-23T12:20:03","modified_gmt":"2025-04-23T10:20:03","slug":"lnch-preik","status":"publish","type":"post","link":"https:\/\/proda.no\/en\/2025\/04\/11\/lnch-preik\/","title":{"rendered":"L*nch &#038; Preik"},"content":{"rendered":"<p><strong>Hvordan forholder vi oss til META?<\/strong><\/p>\n\n\n\n<p><\/p>\n\n\n\n<ul class=\"wp-block-list\">\n<li><strong><em>Hva gj\u00f8r amerikanske tilstander p\u00e5 SoMe med scenekunstfeltets fremtidige ytringsrom?<\/em><\/strong><\/li>\n<\/ul>\n\n\n\n<p>Velkommen til <em><a href=\"https:\/\/fb.me\/e\/4kez6G1m1\" target=\"_blank\" rel=\"noreferrer noopener\">L*nch og Preik<\/a><\/em>, en samtale om hvordan scenekunstfeltet kan og b\u00f8r forholde seg til denne tematikken.&nbsp;<\/p>\n\n\n\n<p><strong>6.mai fra 13.00-15.00<\/strong><br><strong>Dansens Hus, foaje<\/strong><br><br>I lys av det amerikanske valget og endringer i META-plattformenes retningslinjer, er vi bekymret for en \u00f8kning i desinformasjon og innholdsh\u00e5ndtering. Vi erfarer at kunstnere og scener opplever at deres annonser og innhold blir stoppet. Samtalen arrangeres etter henvendelse fra en frilans scenekunstner som opplever marginalisering i sosiale medier. Vi setter derfor s\u00f8kelys p\u00e5 hvorvidt det er slik at sosiale medier i stadig st\u00f8rre grad innskrenker ytringsfriheten og reduserer mangfoldet.<\/p>\n\n\n\n<p>Samtalen vil dreie seg om disse sp\u00f8rsm\u00e5lene:<\/p>\n\n\n\n<ul class=\"wp-block-list\">\n<li>Hvilke strategier bruker META for \u00e5 styre, innskrenke og fremme ytringer p\u00e5 sine plattformer?<\/li>\n\n\n\n<li>Hvilke mangfoldshensyn m\u00e5 man normalt ta i norsk offentlighet og hvordan endres denne av METAs praksis?<\/li>\n\n\n\n<li>Hvilke strategier kan og b\u00f8r danse- og teaterfeltet velge ovenfor digitale plattformer som META?<\/li>\n<\/ul>\n\n\n\n<p>Hvordan vil disse endringene p\u00e5virke den kunstneriske ytringsfriheten og mangfoldet i scenekunstbransjen?<\/p>\n\n\n\n<p>Dansens Hus Oslo, PRODA profesjonell dansetrening (PRODA), Skuespiller- og danseralliansen (SKUDA), Oslo Teatersenter og Black Box teater samarbeider tirsdag 6.mai kl 13.00 \u2013 15.00 om dette arrangementet hvor vi retter fokus mot bruken av og utfordringene med sosiale medieplattformer, og diskriminering av marginaliserte grupper.\u00a0<\/p>\n\n\n\n<p><strong>Program<\/strong><\/p>\n\n\n\n<p>13.00 \u2013 13.10: VELKOMMEN<\/p>\n\n\n\n<p>13.10 \u2013 13.30: INNLEDNING &#8211; PLATTFORMMAKT<\/p>\n\n\n\n<p>Steen Steensen, Prodekan v\/OsloMet<\/p>\n\n\n\n<p>13.35 \u2013 14.20: PANELSAMTALE \u2013 HVORDAN FORHOLDER VI OSS TIL META?<\/p>\n\n\n\n<p>Deltakere: Br\u00f8dskive aka Jens Martin Hartvedt, B\u00e5r Stenvik, Ida Willassen, Joakim Aadland, Steen Steensen<\/p>\n\n\n\n<p>Moderator: Jarl Flaaten Bj\u00f8rk<\/p>\n\n\n\n<p>14.20 \u2013 14.50: \u00c5PENT ROM<\/p>\n\n\n\n<p>14.50 \u2013 15.00: OPPSUMMERING<\/p>\n\n\n\n<p><strong>Om panelet:<\/strong><\/p>\n\n\n\n<p>Br\u00f8dskive aka Jens Martin Hartvedt, frilans performancekunstner<\/p>\n\n\n\n<p>B\u00e5r Stenvik, forfatter og journalist<\/p>\n\n\n\n<p>Ida Willassen, kommunikasjonsansvarlig \u00d8stfold Internasjonale Teater<\/p>\n\n\n\n<p>Joakim Aadland, daglig leder Balansekunst<\/p>\n\n\n\n<p>Steen Steensen, prodekan forskning, fakultet for samfunnsvitenskap v\/OsloMet<\/p>\n\n\n\n<p>Moderator: Jarl Flaaten Bj\u00f8rk, daglig leder Oslo Teatersenter.<\/p>\n\n\n\n<p><\/p>\n\n\n\n<p><\/p>\n\n\n\n<p><\/p>\n\n\n\n<p><\/p>\n\n\n\n<p>Samtalen f\u00f8lger opp Kloden og Scenekunstbrukets samtale om samme tematikk 26.mars 2025.<\/p>\n\n\n\n<p><strong>Ta med matpakka &#8211; vi serverer kaffe, te, frukt.<\/strong><\/p>\n\n\n\n<p><strong>VELKOMMEN!<\/strong><\/p>","protected":false},"excerpt":{"rendered":"<p>Hvordan forholder vi oss til META? Velkommen til L*nch og Preik, en samtale om hvordan scenekunstfeltet kan og b\u00f8r forholde seg til denne tematikken.&nbsp; 6.mai fra 13.00-15.00Dansens Hus, foaje I&#8230;<\/p>","protected":false},"author":15,"featured_media":19159,"comment_status":"closed","ping_status":"closed","sticky":false,"template":"","format":"standard","meta":{"_acf_changed":false,"footnotes":""},"categories":[25],"tags":[],"class_list":["post-19148","post","type-post","status-publish","format-standard","has-post-thumbnail","hentry","category-nyheter"],"acf":[],"featured_image_src":"https:\/\/proda.no\/wp-content\/uploads\/2025\/04\/META-6mai-face-e1745317463234.png","author_info":{"display_name":"PRODA","author_link":"https:\/\/proda.no\/en\/author\/resepsjon\/"},"_links":{"self":[{"href":"https:\/\/proda.no\/en\/wp-json\/wp\/v2\/posts\/19148","targetHints":{"allow":["GET"]}}],"collection":[{"href":"https:\/\/proda.no\/en\/wp-json\/wp\/v2\/posts"}],"about":[{"href":"https:\/\/proda.no\/en\/wp-json\/wp\/v2\/types\/post"}],"author":[{"embeddable":true,"href":"https:\/\/proda.no\/en\/wp-json\/wp\/v2\/users\/15"}],"replies":[{"embeddable":true,"href":"https:\/\/proda.no\/en\/wp-json\/wp\/v2\/comments?post=19148"}],"version-history":[{"count":10,"href":"https:\/\/proda.no\/en\/wp-json\/wp\/v2\/posts\/19148\/revisions"}],"predecessor-version":[{"id":19169,"href":"https:\/\/proda.no\/en\/wp-json\/wp\/v2\/posts\/19148\/revisions\/19169"}],"wp:featuredmedia":[{"embeddable":true,"href":"https:\/\/proda.no\/en\/wp-json\/wp\/v2\/media\/19159"}],"wp:attachment":[{"href":"https:\/\/proda.no\/en\/wp-json\/wp\/v2\/media?parent=19148"}],"wp:term":[{"taxonomy":"category","embeddable":true,"href":"https:\/\/proda.no\/en\/wp-json\/wp\/v2\/categories?post=19148"},{"taxonomy":"post_tag","embeddable":true,"href":"https:\/\/proda.no\/en\/wp-json\/wp\/v2\/tags?post=19148"}],"curies":[{"name":"wp","href":"https:\/\/api.w.org\/{rel}","templated":true}]}}