{"id":17741,"date":"2024-06-17T12:53:33","date_gmt":"2024-06-17T10:53:33","guid":{"rendered":"https:\/\/proda.no\/?p=17741"},"modified":"2024-06-17T12:57:27","modified_gmt":"2024-06-17T10:57:27","slug":"ny-leder-i-proda-2","status":"publish","type":"post","link":"https:\/\/proda.no\/en\/2024\/06\/17\/ny-leder-i-proda-2\/","title":{"rendered":"Ny leder i PRODA"},"content":{"rendered":"<p><strong>Eva Grainger<\/strong>&nbsp;er ansatt som daglig leder for PRODA fra 1.okt.&nbsp;2024. Med bred erfaring fra dansefeltet og interessepolitisk arbeid bringer hun med seg relevant og viktig kompetanse inn i ledelsen av PRODA. Eva har virket som ut\u00f8vende danser, pedagog og som produsent for en rekke dansekompanier; Fiksdal Dans Stiftelse, Bananaz, Mia Habib Productions, Ingun Bj\u00f8rnsgaard Prosjekt og Jo Str\u00f8mgren Kompani. Eva har ogs\u00e5 utdanning i \u00f8konomi og ledelse og har gjennom mange \u00e5r hatt en rekke tillitsverv i kunst- og kulturfeltet, siste \u00e5rene bl a som nestleder i Norske Dansekunstnere.<\/p>\n\n\n\n<p>Styret i PRODA er sv\u00e6rt glade for at Eva har takket ja til stillingen som daglig leder.<\/p>\n\n\n\n<p>\u00abHennes kunnskap og brede erfaring vil komme stiftelsen til gode i \u00e5rene fremover. Vi gleder oss til \u00e5 f\u00e5 henne p\u00e5 plass hos oss\u00bb, sier styreleder Lene Hafstad.&nbsp;<\/p>\n\n\n\n<p>Eva uttaler:<br>\u00abJeg ser frem til \u00e5 ta fatt p\u00e5 oppgavene som daglig leder for PRODA, og er takknemlig for tilliten.\u00a0PRODA er en av de viktigste arenaene dansekunstnere har for kunstnerisk utvikling, samhold og nettverk. Sammen med de ansatte og styret er jeg klar for \u00e5 bygge videre p\u00e5 det arbeidet som er lagt ned over lang tid, samtidig som vi skal v\u00e6re lydh\u00f8r for behov for videre utvikling. For meg er det viktig at PRODA skal fortsette \u00e5 v\u00e6re det felles m\u00f8tepunktet dansekunstnere trenger i en ellers flyktig arbeidshverdag, og at vi kan v\u00e6re med \u00e5 bidra til at dansekunstnere kan utvikle seg gjennom samarbeid og synergier fra ulike profesjoner og sjangre.\u00bb<\/p>\n\n\n\n<p><\/p>\n\n\n\n<p>Foto: Peder Ebbesen<\/p>","protected":false},"excerpt":{"rendered":"<p>Eva Grainger&nbsp;er ansatt som daglig leder for PRODA fra 1.okt.&nbsp;2024. Med bred erfaring fra dansefeltet og interessepolitisk arbeid bringer hun med seg relevant og viktig kompetanse inn i ledelsen av&#8230;<\/p>","protected":false},"author":15,"featured_media":17742,"comment_status":"closed","ping_status":"closed","sticky":false,"template":"","format":"standard","meta":{"_acf_changed":false,"footnotes":""},"categories":[25],"tags":[],"class_list":["post-17741","post","type-post","status-publish","format-standard","has-post-thumbnail","hentry","category-nyheter"],"acf":[],"featured_image_src":"https:\/\/proda.no\/wp-content\/uploads\/2024\/06\/DSCF6809.jpg","author_info":{"display_name":"PRODA","author_link":"https:\/\/proda.no\/en\/author\/resepsjon\/"},"_links":{"self":[{"href":"https:\/\/proda.no\/en\/wp-json\/wp\/v2\/posts\/17741","targetHints":{"allow":["GET"]}}],"collection":[{"href":"https:\/\/proda.no\/en\/wp-json\/wp\/v2\/posts"}],"about":[{"href":"https:\/\/proda.no\/en\/wp-json\/wp\/v2\/types\/post"}],"author":[{"embeddable":true,"href":"https:\/\/proda.no\/en\/wp-json\/wp\/v2\/users\/15"}],"replies":[{"embeddable":true,"href":"https:\/\/proda.no\/en\/wp-json\/wp\/v2\/comments?post=17741"}],"version-history":[{"count":2,"href":"https:\/\/proda.no\/en\/wp-json\/wp\/v2\/posts\/17741\/revisions"}],"predecessor-version":[{"id":17744,"href":"https:\/\/proda.no\/en\/wp-json\/wp\/v2\/posts\/17741\/revisions\/17744"}],"wp:featuredmedia":[{"embeddable":true,"href":"https:\/\/proda.no\/en\/wp-json\/wp\/v2\/media\/17742"}],"wp:attachment":[{"href":"https:\/\/proda.no\/en\/wp-json\/wp\/v2\/media?parent=17741"}],"wp:term":[{"taxonomy":"category","embeddable":true,"href":"https:\/\/proda.no\/en\/wp-json\/wp\/v2\/categories?post=17741"},{"taxonomy":"post_tag","embeddable":true,"href":"https:\/\/proda.no\/en\/wp-json\/wp\/v2\/tags?post=17741"}],"curies":[{"name":"wp","href":"https:\/\/api.w.org\/{rel}","templated":true}]}}