{"id":1548,"date":"2014-08-25T07:43:34","date_gmt":"2014-08-25T06:43:34","guid":{"rendered":"http:\/\/46.101.179.38\/?p=1548"},"modified":"2014-08-25T07:43:34","modified_gmt":"2014-08-25T06:43:34","slug":"apen-provedans-2015","status":"publish","type":"post","link":"https:\/\/proda.no\/en\/2014\/08\/25\/apen-provedans-2015\/","title":{"rendered":"\u00c5pen Pr\u00f8vedans 2014"},"content":{"rendered":"<p>PRODA er samarbeidspart i \u00c5pen Pr\u00f8vedans som arrangeres p\u00e5 Dansens Hus 20.+21. sep. P\u00e5meldingsportalen er n\u00e5 \u00e5pen for dansere. Se <a href=\"https:\/\/norskedansekunstnere.no\">www.norskedansekunstnere.no<\/a><\/p>\n<p>&nbsp;<\/p>","protected":false},"excerpt":{"rendered":"<p>PRODA er samarbeidspart i \u00c5pen Pr\u00f8vedans som arrangeres p\u00e5 Dansens Hus 20.+21. sep. P\u00e5meldingsportalen er n\u00e5 \u00e5pen for dansere. Se www.norskedansekunstnere.no &nbsp;<\/p>","protected":false},"author":14,"featured_media":0,"comment_status":"closed","ping_status":"closed","sticky":false,"template":"","format":"standard","meta":{"_acf_changed":false,"footnotes":""},"categories":[25,1],"tags":[],"class_list":["post-1548","post","type-post","status-publish","format-standard","hentry","category-nyheter","category-ukategorisert"],"acf":[],"featured_image_src":null,"author_info":{"display_name":"Lene Hafstad","author_link":"https:\/\/proda.no\/en\/author\/lene\/"},"_links":{"self":[{"href":"https:\/\/proda.no\/en\/wp-json\/wp\/v2\/posts\/1548","targetHints":{"allow":["GET"]}}],"collection":[{"href":"https:\/\/proda.no\/en\/wp-json\/wp\/v2\/posts"}],"about":[{"href":"https:\/\/proda.no\/en\/wp-json\/wp\/v2\/types\/post"}],"author":[{"embeddable":true,"href":"https:\/\/proda.no\/en\/wp-json\/wp\/v2\/users\/14"}],"replies":[{"embeddable":true,"href":"https:\/\/proda.no\/en\/wp-json\/wp\/v2\/comments?post=1548"}],"version-history":[{"count":0,"href":"https:\/\/proda.no\/en\/wp-json\/wp\/v2\/posts\/1548\/revisions"}],"wp:attachment":[{"href":"https:\/\/proda.no\/en\/wp-json\/wp\/v2\/media?parent=1548"}],"wp:term":[{"taxonomy":"category","embeddable":true,"href":"https:\/\/proda.no\/en\/wp-json\/wp\/v2\/categories?post=1548"},{"taxonomy":"post_tag","embeddable":true,"href":"https:\/\/proda.no\/en\/wp-json\/wp\/v2\/tags?post=1548"}],"curies":[{"name":"wp","href":"https:\/\/api.w.org\/{rel}","templated":true}]}}